{"id":21974,"date":"2026-04-29T12:15:25","date_gmt":"2026-04-29T10:15:25","guid":{"rendered":"https:\/\/arcidiocesicampobasso.it\/?p=21974"},"modified":"2026-04-29T12:36:06","modified_gmt":"2026-04-29T10:36:06","slug":"baranello-celebra-san-michele-arcangelo-fede-tradizione-e-comunita-al-centro-della-festa-patronale","status":"publish","type":"post","link":"https:\/\/arcidiocesicampobasso.it\/index.php\/2026\/04\/29\/baranello-celebra-san-michele-arcangelo-fede-tradizione-e-comunita-al-centro-della-festa-patronale\/","title":{"rendered":"BARANELLO CELEBRA SAN MICHELE ARCANGELO: FEDE, TRADIZIONE E COMUNIT\u00c0 AL CENTRO DELLA FESTA PATRONALE"},"content":{"rendered":"\t\t<div data-elementor-type=\"wp-post\" data-elementor-id=\"21974\" class=\"elementor elementor-21974\" data-elementor-post-type=\"post\">\n\t\t\t\t<div class=\"elementor-element elementor-element-430ed9c e-flex e-con-boxed e-con e-parent\" data-id=\"430ed9c\" data-element_type=\"container\" data-e-type=\"container\">\n\t\t\t\t\t<div class=\"e-con-inner\">\n\t\t\t\t<div class=\"elementor-element elementor-element-d28d07c elementor-widget elementor-widget-text-editor\" data-id=\"d28d07c\" data-element_type=\"widget\" data-e-type=\"widget\" data-widget_type=\"text-editor.default\">\n\t\t\t\t<div class=\"elementor-widget-container\">\n\t\t\t\t\t\t\t\t\t<p style=\"text-align: center;\"><strong>BARANELLO CELEBRA SAN MICHELE ARCANGELO: <\/strong><\/p><p style=\"text-align: center;\"><strong>FEDE, TRADIZIONE E COMUNIT\u00c0 AL CENTRO DELLA FESTA PATRONALE<\/strong><\/p><p>La Parrocchia di San Michele Arcangelo di Baranello (CB) \u00e8 lieta di annunciare i solenni festeggiamenti in onore di <strong>San Michele Arcangelo, Patrono della comunit\u00e0<\/strong>, un appuntamento di grande valore spirituale, culturale e identitario per tutto il territorio.<\/p><p>Le celebrazioni prenderanno il via con il <strong>Triduo di preparazione<\/strong>, nei giorni <strong>marted\u00ec 5, mercoled\u00ec 6 e gioved\u00ec 7 maggio 2026<\/strong>, con la <strong>Celebrazione Eucaristica alle ore 19.00<\/strong>. In particolare, <strong>gioved\u00ec 7 maggio<\/strong> la Santa Messa vedr\u00e0 la partecipazione delle <strong>associazioni e istituzioni locali<\/strong>, a testimonianza del forte legame tra la vita civile e quella religiosa del borgo.<\/p><p>Il momento centrale sar\u00e0 <strong>venerd\u00ec 8 maggio 2026<\/strong>, giorno della Solennit\u00e0 di San Michele Arcangelo:<\/p><ul><li><strong>Ore 11.00<\/strong>: Santa Messa<\/li><li><strong>Ore 18.00<\/strong>: Solenne Celebrazione Eucaristica presieduta da <strong>S.E. Mons. Biagio Colaianni<\/strong>, Arcivescovo di Campobasso-Bojano<\/li><li><strong>Ore 19.30<\/strong>: Suggestiva <strong>processione per le vie del paese<\/strong>, segno di fede viva e partecipata<\/li><\/ul><p>I festeggiamenti si concluderanno con il <strong>Pellegrinaggio parrocchiale<\/strong> in programma <strong>domenica 10 maggio 2026<\/strong> verso <strong>Monte Sant\u2019Angelo e Incoronata<\/strong>, occasione di condivisione e crescita spirituale.<\/p><p>La festa patronale rappresenta un momento fondamentale per riscoprire le radici, rafforzare il senso di comunit\u00e0 e mantenere vive le tradizioni dei nostri borghi. Partecipare significa non solo vivere la fede, ma anche custodire e tramandare un patrimonio culturale che appartiene a tutti.<\/p><p><strong>La cittadinanza e calorosamente invitata a partecipare.<\/strong> Baranello vi aspetta per celebrare insieme San Michele Arcangelo.<\/p><p><strong>SCARICA LA <span style=\"color: #3366ff;\"><a style=\"color: #3366ff;\" href=\"https:\/\/arcidiocesicampobasso.it\/wp-content\/uploads\/2026\/04\/LOCANDINA-8.pdf\">LOCANDINA<\/a><\/span> DELL&#8217;EVENTO<\/strong><\/p>\t\t\t\t\t\t\t\t<\/div>\n\t\t\t\t<\/div>\n\t\t\t\t\t<\/div>\n\t\t\t\t<\/div>\n\t\t\t\t<\/div>\n\t\t","protected":false},"excerpt":{"rendered":"<p>BARANELLO CELEBRA SAN MICHELE ARCANGELO: FEDE, TRADIZIONE E COMUNIT\u00c0 AL CENTRO DELLA FESTA PATRONALE La Parrocchia di San Michele Arcangelo di Baranello (CB) \u00e8 lieta di annunciare i solenni festeggiamenti [&hellip;]<\/p>\n","protected":false},"author":3,"featured_media":21975,"comment_status":"closed","ping_status":"open","sticky":false,"template":"","format":"standard","meta":{"ngg_post_thumbnail":0,"footnotes":""},"categories":[6],"tags":[],"class_list":["post-21974","post","type-post","status-publish","format-standard","has-post-thumbnail","hentry","category-eventi-della-diocesi"],"_links":{"self":[{"href":"https:\/\/arcidiocesicampobasso.it\/index.php\/wp-json\/wp\/v2\/posts\/21974","targetHints":{"allow":["GET"]}}],"collection":[{"href":"https:\/\/arcidiocesicampobasso.it\/index.php\/wp-json\/wp\/v2\/posts"}],"about":[{"href":"https:\/\/arcidiocesicampobasso.it\/index.php\/wp-json\/wp\/v2\/types\/post"}],"author":[{"embeddable":true,"href":"https:\/\/arcidiocesicampobasso.it\/index.php\/wp-json\/wp\/v2\/users\/3"}],"replies":[{"embeddable":true,"href":"https:\/\/arcidiocesicampobasso.it\/index.php\/wp-json\/wp\/v2\/comments?post=21974"}],"version-history":[{"count":10,"href":"https:\/\/arcidiocesicampobasso.it\/index.php\/wp-json\/wp\/v2\/posts\/21974\/revisions"}],"predecessor-version":[{"id":21989,"href":"https:\/\/arcidiocesicampobasso.it\/index.php\/wp-json\/wp\/v2\/posts\/21974\/revisions\/21989"}],"wp:featuredmedia":[{"embeddable":true,"href":"https:\/\/arcidiocesicampobasso.it\/index.php\/wp-json\/wp\/v2\/media\/21975"}],"wp:attachment":[{"href":"https:\/\/arcidiocesicampobasso.it\/index.php\/wp-json\/wp\/v2\/media?parent=21974"}],"wp:term":[{"taxonomy":"category","embeddable":true,"href":"https:\/\/arcidiocesicampobasso.it\/index.php\/wp-json\/wp\/v2\/categories?post=21974"},{"taxonomy":"post_tag","embeddable":true,"href":"https:\/\/arcidiocesicampobasso.it\/index.php\/wp-json\/wp\/v2\/tags?post=21974"}],"curies":[{"name":"wp","href":"https:\/\/api.w.org\/{rel}","templated":true}]}}