{"id":21914,"date":"2026-04-27T10:00:04","date_gmt":"2026-04-27T08:00:04","guid":{"rendered":"https:\/\/arcidiocesicampobasso.it\/?p=21914"},"modified":"2026-04-27T10:01:33","modified_gmt":"2026-04-27T08:01:33","slug":"la-festa-del-lavoro-parte-dai-bambini","status":"publish","type":"post","link":"https:\/\/arcidiocesicampobasso.it\/index.php\/2026\/04\/27\/la-festa-del-lavoro-parte-dai-bambini\/","title":{"rendered":"\u201cLA FESTA DEL LAVORO PARTE DAI BAMBINI\u201d"},"content":{"rendered":"\t\t<div data-elementor-type=\"wp-post\" data-elementor-id=\"21914\" class=\"elementor elementor-21914\" data-elementor-post-type=\"post\">\n\t\t\t\t<div class=\"elementor-element elementor-element-7941d47 e-flex e-con-boxed e-con e-parent\" data-id=\"7941d47\" data-element_type=\"container\" data-e-type=\"container\">\n\t\t\t\t\t<div class=\"e-con-inner\">\n\t\t\t\t<div class=\"elementor-element elementor-element-c898148 elementor-widget elementor-widget-text-editor\" data-id=\"c898148\" data-element_type=\"widget\" data-e-type=\"widget\" data-widget_type=\"text-editor.default\">\n\t\t\t\t<div class=\"elementor-widget-container\">\n\t\t\t\t\t\t\t\t\t<h5 style=\"text-align: center;\"><strong>\u201cLA FESTA DEL LAVORO PARTE DAI BAMBINI\u201d<\/strong><br \/><strong>30 Aprile e 1 Maggio 2026 \u2013 Parrocchia San Giuseppe Artigiano &#8211; Campobasso<\/strong><\/h5><p><strong>L\u2019Arcidiocesi di Campobasso-Bojano, attraverso l\u2019Ufficio diocesano per la Pastorale Sociale e del Lavoro, guidato da Gustavo De Angelis, e la Parrocchia San Giuseppe Artigiano<\/strong> promuovono un primo maggio diverso, che guarda al futuro partendo dai pi\u00f9 piccoli.<\/p><p>Per il <strong>30 aprile e 1 maggio<\/strong> \u00e8 in programma un\u2019iniziativa dedicata ai bambini di 10 anni <strong>sul senso cristiano e civile della Festa del Lavoro.<\/strong><\/p><p><strong>30 APRILE 2026<\/strong><\/p><p>Incontro nella sala parrocchiale con inizio alle ore 17.00 &#8211; I ragazzi saranno accolti per un laboratorio dal titolo <em><strong>\u201cIl lavoro che sogniamo\u201d<\/strong><\/em><strong>.<\/strong> Attraverso schede illustrate e momenti di dialogo, i bambini racconteranno con disegni il lavoro dei loro genitori e le loro aspettative per il proprio domani lavorativo. <strong>L\u2019obiettivo \u00e8 legare fin dall\u2019infanzia l\u2019idea di lavoro ai valori di dignit\u00e0, servizio e custodia del creato, nel solco della Dottrina sociale della Chiesa.<\/strong><\/p><p><strong>1 MAGGIO 2026<\/strong><\/p><p>Incontro alle <strong>ore 10.15 con l\u2019Arcivescovo Mons. Biagio Colaianni<\/strong>, presso la sala parrocchiale, dove incontrer\u00e0 i bambini insieme ai genitori per un proficuo interscambio pastorale.<\/p><p>Seguir\u00e0 la <strong>Santa Messa alle ore 11.00<\/strong>, <strong>presieduta dall\u2019Arcivescovo Mons. Biagio<\/strong>. Al termine, lo stesso consegner\u00e0 ad ogni bambino un dono come ricordo, insieme al lavoro svolto il giorno precedente.<\/p><p>La scelta di celebrare il <strong>1 maggio<\/strong> con i bambini parte dalla convinzione che la povert\u00e0 economica e la cultura dello scarto si combattono prima di tutto sul piano educativo. Raccontare a ragazzi di dieci anni che ogni lavoro, dal pi\u00f9 umile al pi\u00f9 specializzato, custodisce dignit\u00e0, significa seminare oggi cittadini e lavoratori consapevoli domani.<\/p><p>La cittadinanza \u00e8 cordialmente invitata a partecipare e a condividere questo momento di crescita, riflessione e speranza, mettendo al centro i pi\u00f9 piccoli, protagonisti del futuro.<\/p><p>\u00a0<\/p>\t\t\t\t\t\t\t\t<\/div>\n\t\t\t\t<\/div>\n\t\t\t\t\t<\/div>\n\t\t\t\t<\/div>\n\t\t\t\t<\/div>\n\t\t","protected":false},"excerpt":{"rendered":"<p>\u201cLA FESTA DEL LAVORO PARTE DAI BAMBINI\u201d30 Aprile e 1 Maggio 2026 \u2013 Parrocchia San Giuseppe Artigiano &#8211; Campobasso L\u2019Arcidiocesi di Campobasso-Bojano, attraverso l\u2019Ufficio diocesano per la Pastorale Sociale e [&hellip;]<\/p>\n","protected":false},"author":3,"featured_media":21915,"comment_status":"closed","ping_status":"open","sticky":false,"template":"","format":"standard","meta":{"ngg_post_thumbnail":0,"footnotes":""},"categories":[4],"tags":[],"class_list":["post-21914","post","type-post","status-publish","format-standard","has-post-thumbnail","hentry","category-notizie"],"_links":{"self":[{"href":"https:\/\/arcidiocesicampobasso.it\/index.php\/wp-json\/wp\/v2\/posts\/21914","targetHints":{"allow":["GET"]}}],"collection":[{"href":"https:\/\/arcidiocesicampobasso.it\/index.php\/wp-json\/wp\/v2\/posts"}],"about":[{"href":"https:\/\/arcidiocesicampobasso.it\/index.php\/wp-json\/wp\/v2\/types\/post"}],"author":[{"embeddable":true,"href":"https:\/\/arcidiocesicampobasso.it\/index.php\/wp-json\/wp\/v2\/users\/3"}],"replies":[{"embeddable":true,"href":"https:\/\/arcidiocesicampobasso.it\/index.php\/wp-json\/wp\/v2\/comments?post=21914"}],"version-history":[{"count":4,"href":"https:\/\/arcidiocesicampobasso.it\/index.php\/wp-json\/wp\/v2\/posts\/21914\/revisions"}],"predecessor-version":[{"id":21919,"href":"https:\/\/arcidiocesicampobasso.it\/index.php\/wp-json\/wp\/v2\/posts\/21914\/revisions\/21919"}],"wp:featuredmedia":[{"embeddable":true,"href":"https:\/\/arcidiocesicampobasso.it\/index.php\/wp-json\/wp\/v2\/media\/21915"}],"wp:attachment":[{"href":"https:\/\/arcidiocesicampobasso.it\/index.php\/wp-json\/wp\/v2\/media?parent=21914"}],"wp:term":[{"taxonomy":"category","embeddable":true,"href":"https:\/\/arcidiocesicampobasso.it\/index.php\/wp-json\/wp\/v2\/categories?post=21914"},{"taxonomy":"post_tag","embeddable":true,"href":"https:\/\/arcidiocesicampobasso.it\/index.php\/wp-json\/wp\/v2\/tags?post=21914"}],"curies":[{"name":"wp","href":"https:\/\/api.w.org\/{rel}","templated":true}]}}