{"id":21595,"date":"2026-04-04T11:10:40","date_gmt":"2026-04-04T09:10:40","guid":{"rendered":"https:\/\/arcidiocesicampobasso.it\/?p=21595"},"modified":"2026-04-07T15:03:15","modified_gmt":"2026-04-07T13:03:15","slug":"il-venerdi-santo-a-campobasso-fede-silenzio-e-il-canto-del-teco-vorrei","status":"publish","type":"post","link":"https:\/\/arcidiocesicampobasso.it\/index.php\/2026\/04\/04\/il-venerdi-santo-a-campobasso-fede-silenzio-e-il-canto-del-teco-vorrei\/","title":{"rendered":"IL VENERD\u00cc SANTO A CAMPOBASSO: FEDE, SILENZIO E IL CANTO DEL \u201cTECO VORREI\u201d"},"content":{"rendered":"\t\t<div data-elementor-type=\"wp-post\" data-elementor-id=\"21595\" class=\"elementor elementor-21595\" data-elementor-post-type=\"post\">\n\t\t\t\t<div class=\"elementor-element elementor-element-7941d47 e-flex e-con-boxed e-con e-parent\" data-id=\"7941d47\" data-element_type=\"container\" data-e-type=\"container\">\n\t\t\t\t\t<div class=\"e-con-inner\">\n\t\t\t\t<div class=\"elementor-element elementor-element-c898148 elementor-widget elementor-widget-text-editor\" data-id=\"c898148\" data-element_type=\"widget\" data-e-type=\"widget\" data-widget_type=\"text-editor.default\">\n\t\t\t\t<div class=\"elementor-widget-container\">\n\t\t\t\t\t\t\t\t\t<p>Un giorno segnato dal silenzio, dalla riflessione e dal raccoglimento, in cui i fedeli sono chiamati a meditare sul valore del sacrificio e sull\u2019amore universale. Uno dei momenti pi\u00f9 intensi e significativi della tradizione cristiana Il Venerd\u00ec Santo dedicato al ricordo della passione e morte di Ges\u00f9 Cristo. A Campobasso si vive cos\u00ec\u2026<\/p><p>La suggestiva processione ogni anno coinvolge l\u2019intera comunit\u00e0. Un\u2019esperienza che unisce passato e presente, fede e identit\u00e0. Attraverso il silenzio, la preghierane il canto, la comunit\u00e0 rinnova ogni anno un legame profondo che va oltre la tradizione, diventando testimonianza viva di appartenenza e umanit\u00e0 condivisa.<\/p>\t\t\t\t\t\t\t\t<\/div>\n\t\t\t\t<\/div>\n\t\t\t\t\t<\/div>\n\t\t\t\t<\/div>\n\t\t<div class=\"elementor-element elementor-element-6d811b1 e-flex e-con-boxed e-con e-parent\" data-id=\"6d811b1\" data-element_type=\"container\" data-e-type=\"container\">\n\t\t\t\t\t<div class=\"e-con-inner\">\n\t\t\t\t<div class=\"elementor-element elementor-element-71910dc elementor-widget elementor-widget-video\" data-id=\"71910dc\" data-element_type=\"widget\" data-e-type=\"widget\" data-settings=\"{&quot;youtube_url&quot;:&quot;https:\\\/\\\/youtu.be\\\/7d8lGItPyU8?si=6n5K8t2ODdji36_t&quot;,&quot;video_type&quot;:&quot;youtube&quot;,&quot;controls&quot;:&quot;yes&quot;}\" data-widget_type=\"video.default\">\n\t\t\t\t<div class=\"elementor-widget-container\">\n\t\t\t\t\t\t\t<div class=\"elementor-wrapper elementor-open-inline\">\n\t\t\t<div class=\"elementor-video\"><\/div>\t\t<\/div>\n\t\t\t\t\t\t<\/div>\n\t\t\t\t<\/div>\n\t\t\t\t\t<\/div>\n\t\t\t\t<\/div>\n\t\t<div class=\"elementor-element elementor-element-4e62567 e-flex e-con-boxed e-con e-parent\" data-id=\"4e62567\" data-element_type=\"container\" data-e-type=\"container\">\n\t\t\t\t\t<div class=\"e-con-inner\">\n\t\t\t\t<div class=\"elementor-element elementor-element-0d450bc elementor-widget elementor-widget-image\" data-id=\"0d450bc\" data-element_type=\"widget\" data-e-type=\"widget\" data-widget_type=\"image.default\">\n\t\t\t\t<div class=\"elementor-widget-container\">\n\t\t\t\t\t\t\t\t\t\t\t\t\t\t\t<img fetchpriority=\"high\" decoding=\"async\" width=\"640\" height=\"835\" src=\"https:\/\/arcidiocesicampobasso.it\/wp-content\/uploads\/2026\/04\/Senza-nome-776x1012.jpg\" class=\"attachment-large size-large wp-image-21631\" alt=\"\" srcset=\"https:\/\/arcidiocesicampobasso.it\/wp-content\/uploads\/2026\/04\/Senza-nome-776x1012.jpg 776w, https:\/\/arcidiocesicampobasso.it\/wp-content\/uploads\/2026\/04\/Senza-nome-230x300.jpg 230w, https:\/\/arcidiocesicampobasso.it\/wp-content\/uploads\/2026\/04\/Senza-nome-768x1002.jpg 768w, https:\/\/arcidiocesicampobasso.it\/wp-content\/uploads\/2026\/04\/Senza-nome-1178x1536.jpg 1178w, https:\/\/arcidiocesicampobasso.it\/wp-content\/uploads\/2026\/04\/Senza-nome.jpg 1429w\" sizes=\"(max-width: 640px) 100vw, 640px\" \/>\t\t\t\t\t\t\t\t\t\t\t\t\t\t\t<\/div>\n\t\t\t\t<\/div>\n\t\t\t\t\t<\/div>\n\t\t\t\t<\/div>\n\t\t<div class=\"elementor-element elementor-element-a746bce e-flex e-con-boxed e-con e-parent\" data-id=\"a746bce\" data-element_type=\"container\" data-e-type=\"container\">\n\t\t\t\t\t<div class=\"e-con-inner\">\n\t\t\t\t<div class=\"elementor-element elementor-element-38d19a3 elementor-widget elementor-widget-text-editor\" data-id=\"38d19a3\" data-element_type=\"widget\" data-e-type=\"widget\" data-widget_type=\"text-editor.default\">\n\t\t\t\t<div class=\"elementor-widget-container\">\n\t\t\t\t\t\t\t\t\t<p>\u00a0<\/p><p><strong>Le parole di S. Ecc. Mons. Colaianni nella Liturgia della Croce<\/strong><\/p><h5 style=\"text-align: center;\"><strong>DAVANTI ALLA CROCE, LA RISPOSTA DELL\u2019AMORE<\/strong><\/h5><p style=\"text-align: justify;\" data-start=\"197\" data-end=\"311\"><em>Nel silenzio del Venerd\u00ec Santo, la Chiesa si raccoglie davanti alla croce per contemplare la passione del Signore.<\/em><\/p><p style=\"text-align: justify;\" data-start=\"313\" data-end=\"587\"><em>Abbiamo ascoltato il racconto di Ges\u00f9: non \u00e8 solo memoria di un evento passato, ma \u00e8 una parola viva che riguarda ciascuno di noi. \u00c8 la vicenda di Ges\u00f9, ma anche quella dell\u2019umanit\u00e0 intera, ancora oggi segnata dalla sofferenza, dalla violenza e dalle divisioni tra fratelli.<\/em><\/p><p style=\"text-align: justify;\" data-start=\"589\" data-end=\"753\"><em>Pensiamo alle guerre, alle ingiustizie, a tutto ci\u00f2 che continua a ferire l\u2019uomo. La violenza non ha mai ragione, e tutto questo ci chiede una riflessione profonda.<\/em><\/p><p style=\"text-align: justify;\" data-start=\"755\" data-end=\"909\"><em>La passione del Signore ci mette davanti al mistero della sofferenza e della morte. Ma soprattutto ci invita a guardare come Ges\u00f9 ha vissuto tutto questo.<\/em><\/p><p style=\"text-align: justify;\" data-start=\"911\" data-end=\"1063\"><em>Ges\u00f9 non risponde con la violenza. Lui, che \u00e8 re, manifesta una regalit\u00e0 diversa: non quella del potere, ma quella dell\u2019amore che si dona fino in fondo.<\/em><\/p><p style=\"text-align: justify;\" data-start=\"1065\" data-end=\"1150\"><em>Sulla croce affida tutto al Padre: \u201cPadre, nelle tue mani consegno il mio spirito\u201d.<\/em><\/p><p style=\"text-align: justify;\"><em>\u00c8 la scelta di fidarsi, anche nel dolore. \u00c8 la scelta dell\u2019amore.<\/em><\/p><p style=\"text-align: justify;\" data-start=\"1219\" data-end=\"1333\"><em>In Ges\u00f9 troviamo una risposta: non la vendetta, non la ritorsione, non la logica del potere, ma l\u2019amore che salva.<\/em><\/p><p style=\"text-align: justify;\" data-start=\"1335\" data-end=\"1527\"><em>Egli prende su di s\u00e9 la sofferenza del mondo, ma apre anche alla speranza. Ci mostra che il bene \u00e8 ancora possibile, che la fraternit\u00e0 pu\u00f2 vincere, che l\u2019amore pu\u00f2 cambiare il cuore dell\u2019uomo.<\/em><\/p><p style=\"text-align: justify;\" data-start=\"1529\" data-end=\"1631\"><em>Questo \u00e8 il compito che nasce dalla croce: vivere secondo questa logica, anche nella nostra fragilit\u00e0.<\/em><\/p><p style=\"text-align: justify;\" data-start=\"1633\" data-end=\"1719\"><em>Perch\u00e9 la croce non \u00e8 la fine. \u00c8 l\u2019inizio di un cammino che conduce alla risurrezione.<\/em><\/p><p style=\"text-align: justify;\" data-start=\"1721\" data-end=\"1864\"><strong><em>Allora, in questo giorno santo, lasciamoci toccare dalla croce di Cristo. Accogliamo il suo amore. E impariamo a viverlo nella nostra vita. Per diventare strumenti di pace e fraternit\u00e0.<\/em><\/strong><\/p>\t\t\t\t\t\t\t\t<\/div>\n\t\t\t\t<\/div>\n\t\t\t\t\t<\/div>\n\t\t\t\t<\/div>\n\t\t<div class=\"elementor-element elementor-element-8b13a2a e-flex e-con-boxed e-con e-parent\" data-id=\"8b13a2a\" data-element_type=\"container\" data-e-type=\"container\">\n\t\t\t\t\t<div class=\"e-con-inner\">\n\t\t\t\t<div class=\"elementor-element elementor-element-bc7a631 elementor-widget elementor-widget-image\" data-id=\"bc7a631\" data-element_type=\"widget\" data-e-type=\"widget\" data-widget_type=\"image.default\">\n\t\t\t\t<div class=\"elementor-widget-container\">\n\t\t\t\t\t\t\t\t\t\t\t\t\t\t\t<img decoding=\"async\" width=\"640\" height=\"474\" src=\"https:\/\/arcidiocesicampobasso.it\/wp-content\/uploads\/2026\/04\/Senza-nome-2-1012x750.jpg\" class=\"attachment-large size-large wp-image-21619\" alt=\"\" srcset=\"https:\/\/arcidiocesicampobasso.it\/wp-content\/uploads\/2026\/04\/Senza-nome-2-1012x750.jpg 1012w, https:\/\/arcidiocesicampobasso.it\/wp-content\/uploads\/2026\/04\/Senza-nome-2-300x222.jpg 300w, https:\/\/arcidiocesicampobasso.it\/wp-content\/uploads\/2026\/04\/Senza-nome-2-768x569.jpg 768w, https:\/\/arcidiocesicampobasso.it\/wp-content\/uploads\/2026\/04\/Senza-nome-2-1536x1139.jpg 1536w, https:\/\/arcidiocesicampobasso.it\/wp-content\/uploads\/2026\/04\/Senza-nome-2-2048x1518.jpg 2048w\" sizes=\"(max-width: 640px) 100vw, 640px\" \/>\t\t\t\t\t\t\t\t\t\t\t\t\t\t\t<\/div>\n\t\t\t\t<\/div>\n\t\t\t\t\t<\/div>\n\t\t\t\t<\/div>\n\t\t<div class=\"elementor-element elementor-element-f551ec9 e-flex e-con-boxed e-con e-parent\" data-id=\"f551ec9\" data-element_type=\"container\" data-e-type=\"container\">\n\t\t\t\t\t<div class=\"e-con-inner\">\n\t\t\t\t<div class=\"elementor-element elementor-element-2bbe2db elementor-widget elementor-widget-text-editor\" data-id=\"2bbe2db\" data-element_type=\"widget\" data-e-type=\"widget\" data-widget_type=\"text-editor.default\">\n\t\t\t\t<div class=\"elementor-widget-container\">\n\t\t\t\t\t\t\t\t\t<p>\u00a0<\/p><p><strong>Il Cristo Morto in processione incontra i fratelli detenuti.<\/strong><\/p><p><strong>LEGGI <span style=\"color: #3366ff;\"><a style=\"color: #3366ff;\" href=\"https:\/\/arcidiocesicampobasso.it\/wp-content\/uploads\/2026\/04\/LA-PREGHIERA.pdf\">LA PREGHIERA<\/a><\/span><\/strong><\/p>\t\t\t\t\t\t\t\t<\/div>\n\t\t\t\t<\/div>\n\t\t\t\t\t<\/div>\n\t\t\t\t<\/div>\n\t\t<div class=\"elementor-element elementor-element-1999eba e-flex e-con-boxed e-con e-parent\" data-id=\"1999eba\" data-element_type=\"container\" data-e-type=\"container\">\n\t\t\t\t\t<div class=\"e-con-inner\">\n\t\t\t\t<div class=\"elementor-element elementor-element-637bbb8 elementor-widget elementor-widget-text-editor\" data-id=\"637bbb8\" data-element_type=\"widget\" data-e-type=\"widget\" data-widget_type=\"text-editor.default\">\n\t\t\t\t<div class=\"elementor-widget-container\">\n\t\t\t\t\t\t\t\t\t<p>\u00a0<\/p><p><strong>Il messaggio di S. Ecc. Mons. Biagio Colaianni<\/strong><\/p><p><a href=\"https:\/\/arcidiocesicampobasso.it\/wp-content\/uploads\/2026\/04\/RICONCILIAZIONE-E-SPERANZA-ALLA-LUCE-DELLA-CROCE.pdf\"><span style=\"color: #3366ff;\"><strong>RICONCILIAZIONE E SPERANZA ALLA LUCE DELLA CROCE<\/strong><\/span><\/a><\/p><p><strong>\u00a0<\/strong><\/p>\t\t\t\t\t\t\t\t<\/div>\n\t\t\t\t<\/div>\n\t\t\t\t\t<\/div>\n\t\t\t\t<\/div>\n\t\t\t\t<\/div>\n\t\t","protected":false},"excerpt":{"rendered":"<p>Un giorno segnato dal silenzio, dalla riflessione e dal raccoglimento, in cui i fedeli sono chiamati a meditare sul valore del sacrificio e sull\u2019amore universale. Uno dei momenti pi\u00f9 intensi [&hellip;]<\/p>\n","protected":false},"author":3,"featured_media":21599,"comment_status":"closed","ping_status":"open","sticky":false,"template":"","format":"standard","meta":{"ngg_post_thumbnail":0,"footnotes":""},"categories":[6],"tags":[],"class_list":["post-21595","post","type-post","status-publish","format-standard","has-post-thumbnail","hentry","category-eventi-della-diocesi"],"_links":{"self":[{"href":"https:\/\/arcidiocesicampobasso.it\/index.php\/wp-json\/wp\/v2\/posts\/21595","targetHints":{"allow":["GET"]}}],"collection":[{"href":"https:\/\/arcidiocesicampobasso.it\/index.php\/wp-json\/wp\/v2\/posts"}],"about":[{"href":"https:\/\/arcidiocesicampobasso.it\/index.php\/wp-json\/wp\/v2\/types\/post"}],"author":[{"embeddable":true,"href":"https:\/\/arcidiocesicampobasso.it\/index.php\/wp-json\/wp\/v2\/users\/3"}],"replies":[{"embeddable":true,"href":"https:\/\/arcidiocesicampobasso.it\/index.php\/wp-json\/wp\/v2\/comments?post=21595"}],"version-history":[{"count":49,"href":"https:\/\/arcidiocesicampobasso.it\/index.php\/wp-json\/wp\/v2\/posts\/21595\/revisions"}],"predecessor-version":[{"id":21670,"href":"https:\/\/arcidiocesicampobasso.it\/index.php\/wp-json\/wp\/v2\/posts\/21595\/revisions\/21670"}],"wp:featuredmedia":[{"embeddable":true,"href":"https:\/\/arcidiocesicampobasso.it\/index.php\/wp-json\/wp\/v2\/media\/21599"}],"wp:attachment":[{"href":"https:\/\/arcidiocesicampobasso.it\/index.php\/wp-json\/wp\/v2\/media?parent=21595"}],"wp:term":[{"taxonomy":"category","embeddable":true,"href":"https:\/\/arcidiocesicampobasso.it\/index.php\/wp-json\/wp\/v2\/categories?post=21595"},{"taxonomy":"post_tag","embeddable":true,"href":"https:\/\/arcidiocesicampobasso.it\/index.php\/wp-json\/wp\/v2\/tags?post=21595"}],"curies":[{"name":"wp","href":"https:\/\/api.w.org\/{rel}","templated":true}]}}